{"id":604,"date":"2026-07-28T13:52:31","date_gmt":"2026-07-28T13:52:31","guid":{"rendered":"https:\/\/zoemandarobegan.it\/?p=604"},"modified":"2026-08-01T10:20:51","modified_gmt":"2026-08-01T10:20:51","slug":"aggiornamento-del-29-luglio","status":"publish","type":"post","link":"https:\/\/zoemandarobegan.it\/?p=604","title":{"rendered":"Aggiornamenti riguardo il Consiglio Comunale del 28 luglio"},"content":{"rendered":"\n<p class=\"wp-block-paragraph\">Carissimi, <br>con le ultime iscrizioni di ieri le adesioni al Comitato sono 149.<\/p>\n\n\n\n<p class=\"wp-block-paragraph\">Ieri, marted\u00ec 28 luglio, eravamo una settantina a presenziare alla seduta del Consiglio Comunale. <br><br>Di seguito i video riguardanti gli interventi del Sindaco chiamato da una interpellanza a chiarire il motivo dello spostamento dell\u2019apertura dell\u2019offerta presentata e una comunicazione finale sul Comitato che ritiene agganciato alla campagna elettorale delle forze politiche di minoranza.<\/p>\n\n\n\n<figure class=\"wp-block-video\"><video height=\"480\" style=\"aspect-ratio: 854 \/ 480;\" width=\"854\" controls src=\"https:\/\/zoemandarobegan.it\/wp-content\/uploads\/2026\/07\/Sindaco-spostamento-apertura-offerta.mp4\" playsinline><\/video><\/figure>\n\n\n\n<figure class=\"wp-block-video\"><video height=\"480\" style=\"aspect-ratio: 854 \/ 480;\" width=\"854\" controls src=\"https:\/\/zoemandarobegan.it\/wp-content\/uploads\/2026\/07\/Comunicazione-Sindaco-sul-Comitato-Centro-Robegano.mp4\" playsinline><\/video><\/figure>\n\n\n\n<p class=\"wp-block-paragraph\">Siamo veramente dispiaciuti del mancato riconoscimento del nostro Comitato come azione popolare estranea a partiti ed interessi elettorali ma come gi\u00e0 detto in altre occasioni mettere la questione sul binario partitico \u00e8 il modo con cui il Sindaco pu\u00f2 sminuire la nostra credibilit\u00e0 ed efficacia.<\/p>\n\n\n\n<p class=\"wp-block-paragraph\">Dobbiamo comunque continuare a rendere nota la nostra estraneit\u00e0 ai partiti.<\/p>\n\n\n\n<p class=\"wp-block-paragraph\">Pubblicheremo tutto sulla pagina Facebook e sul sito.<\/p>\n\n\n\n<p class=\"wp-block-paragraph\">Inviamo anche l\u2019articolo apparso sulla Nuova Venezia dove c\u2019\u00e8 una imprecisione quando il giornalista scrive che eravamo andati per consegnare una lettera ai consiglieri, probabilmente collegata al fatto che nell\u2019incontro pubblico di luned\u00ec la lettera ai consiglieri \u00e8 stata considerata una azione da perseguire.<\/p>\n\n\n\n<figure class=\"wp-block-image size-large\"><img loading=\"lazy\" decoding=\"async\" width=\"576\" height=\"1024\" src=\"https:\/\/zoemandarobegan.it\/wp-content\/uploads\/2026\/07\/La-Nuova-29.07.26-576x1024.jpeg\" alt=\"\" class=\"wp-image-598\"\/><\/figure>\n\n\n\n<p class=\"wp-block-paragraph\">Ci si d\u00e0 appuntamento, con quanti ne hanno la disponibilit\u00e0, venerd\u00ec mattina in municipio, ore 9, per presenziare all\u2019apertura dell\u2019offerta presentata.<\/p>\n\n\n\n<p class=\"wp-block-paragraph\">Buona giornata<\/p>\n\n\n\n<p class=\"wp-block-paragraph\">I referenti del Comitato<\/p>\n","protected":false},"excerpt":{"rendered":"<p>Carissimi, con le ultime iscrizioni di ieri le adesioni al Comitato sono 149. Ieri, marted\u00ec 28 luglio, eravamo una settantina a presenziare alla seduta del Consiglio Comunale. Di seguito i video riguardanti gli interventi del Sindaco chiamato da una interpellanza a chiarire il motivo dello spostamento dell\u2019apertura dell\u2019offerta presentata e una comunicazione finale sul Comitato [&hellip;]<\/p>\n","protected":false},"author":1,"featured_media":612,"comment_status":"closed","ping_status":"open","sticky":false,"template":"","format":"standard","meta":{"footnotes":""},"categories":[4],"tags":[],"class_list":["post-604","post","type-post","status-publish","format-standard","has-post-thumbnail","hentry","category-home"],"_links":{"self":[{"href":"https:\/\/zoemandarobegan.it\/index.php?rest_route=\/wp\/v2\/posts\/604","targetHints":{"allow":["GET"]}}],"collection":[{"href":"https:\/\/zoemandarobegan.it\/index.php?rest_route=\/wp\/v2\/posts"}],"about":[{"href":"https:\/\/zoemandarobegan.it\/index.php?rest_route=\/wp\/v2\/types\/post"}],"author":[{"embeddable":true,"href":"https:\/\/zoemandarobegan.it\/index.php?rest_route=\/wp\/v2\/users\/1"}],"replies":[{"embeddable":true,"href":"https:\/\/zoemandarobegan.it\/index.php?rest_route=%2Fwp%2Fv2%2Fcomments&post=604"}],"version-history":[{"count":8,"href":"https:\/\/zoemandarobegan.it\/index.php?rest_route=\/wp\/v2\/posts\/604\/revisions"}],"predecessor-version":[{"id":616,"href":"https:\/\/zoemandarobegan.it\/index.php?rest_route=\/wp\/v2\/posts\/604\/revisions\/616"}],"wp:featuredmedia":[{"embeddable":true,"href":"https:\/\/zoemandarobegan.it\/index.php?rest_route=\/wp\/v2\/media\/612"}],"wp:attachment":[{"href":"https:\/\/zoemandarobegan.it\/index.php?rest_route=%2Fwp%2Fv2%2Fmedia&parent=604"}],"wp:term":[{"taxonomy":"category","embeddable":true,"href":"https:\/\/zoemandarobegan.it\/index.php?rest_route=%2Fwp%2Fv2%2Fcategories&post=604"},{"taxonomy":"post_tag","embeddable":true,"href":"https:\/\/zoemandarobegan.it\/index.php?rest_route=%2Fwp%2Fv2%2Ftags&post=604"}],"curies":[{"name":"wp","href":"https:\/\/api.w.org\/{rel}","templated":true}]}}