{"id":421,"date":"2026-07-23T12:49:39","date_gmt":"2026-07-23T12:49:39","guid":{"rendered":"https:\/\/zoemandarobegan.it\/?p=421"},"modified":"2026-08-01T10:20:45","modified_gmt":"2026-08-01T10:20:45","slug":"incontro-pubblico-sul-futuro-del-centro-di-robegano","status":"publish","type":"post","link":"https:\/\/zoemandarobegan.it\/?p=421","title":{"rendered":"Sintesi dell&#8217;incontro pubblico sul futuro del centro di Robegano &#8211; 27 luglio 2026"},"content":{"rendered":"\n<p class=\"wp-block-paragraph\">Carissimi, <br> Molti di voi erano presenti all\u2019incontro di questa sera che ha visto la partecipazione di pi\u00f9 di 150 persone e dal quale \u00e8 emersa una forte condivisione della necessit\u00e0 di agire su pi\u00f9 fronti per cercare di salvaguardare le propriet\u00e0 pubbliche delle aree ex medie ed ex campo sportivo che sono l\u2019unica possibilit\u00e0 di sviluppo del centro di Robegano.<\/p>\n\n\n\n<p class=\"wp-block-paragraph\">Si allega il power point che ha accompagnato l\u2019illustrazione delle scelte dell\u2019Amministrazione, dei contenuti del bando d\u2019asta nonch\u00e9 i motivi di contrariet\u00e0 del Comitato.<\/p>\n\n\n\n<p class=\"wp-block-paragraph\">Dai numerosi e positivi interventi sono emerse le seguenti proposte da mettere in atto:<\/p>\n\n\n\n<p class=\"wp-block-paragraph\">&#8211;&nbsp;<strong>presenza da parte di coloro che possono, domani 28 luglio, alle ore 11<\/strong>&nbsp;presso la sala affreschi del Comune,&nbsp;<strong>all\u2019apertura dell\u2019unica offerta pervenuta<\/strong>&nbsp;a seguito del bando;<\/p>\n\n\n\n<p class=\"wp-block-paragraph\">&#8211;&nbsp;<strong>partecipazione da parte di tutti coloro che possono, alle ore 19, all\u2019avvio della seduta del Consiglio comunale<\/strong>&nbsp;presso l\u2019aula consiliare del Comune retrostante la villa Jacur&nbsp;<strong>al fine di evidenziare<\/strong>&nbsp;all\u2019Amministrazione&nbsp;<strong>che<\/strong>, anche se snobbati ed i nostri incontri insignificanti,&nbsp;<strong>siamo una presenza<\/strong>;<\/p>\n\n\n\n<p class=\"wp-block-paragraph\">&#8211;&nbsp;<strong>lettera aperta a tutti i Consiglieri comunali<\/strong>&nbsp;con la proposta di porre all\u2019ordine del giorno del Consiglio (al quale partecipare tutti) l\u2019argomento della vendita delle aree pubbliche ex scuola media ed ex campo sportivo perch\u00e9 ciascuno risponda con responsabilit\u00e0 alle nostre perplessit\u00e0 e contestazioni;<\/p>\n\n\n\n<p class=\"wp-block-paragraph\">&#8211;&nbsp;<strong>segnalazione alla Procura regionale della Corte dei Conti sulle presunte irregolarit\u00e0 del bando<\/strong>&nbsp;relative al&nbsp;<strong>depauperamento del patrimonio<\/strong>, alla&nbsp;<strong>mancanza di motivazione della vendita<\/strong>&nbsp;delle aree pubbliche, alla mancata dimostrazione della convenienza economica di tale operazione, all\u2019errata perizia di stima;<\/p>\n\n\n\n<p class=\"wp-block-paragraph\">&#8211; esame del bando dell\u2019asta pubblica e della sua legittimit\u00e0 per eventuale&nbsp;<strong>ricorso al TAR<\/strong>&nbsp;assumendo iniziative per il suo finanziamento.<\/p>\n\n\n\n<p class=\"wp-block-paragraph\">VI ASPETTIAMO QUINDI NUMEROSI, DOMANI, ORE 11 E ORE 19 COME SOPRA INDICATO<\/p>\n\n\n\n<div data-wp-interactive=\"core\/file\" class=\"wp-block-file\"><object data-wp-bind--hidden=\"!state.hasPdfPreview\" hidden class=\"wp-block-file__embed\" data=\"https:\/\/zoemandarobegan.it\/wp-content\/uploads\/2026\/07\/Power-point.pdf\" type=\"application\/pdf\" style=\"width:100%;height:600px\" aria-label=\"Incorporamento di Power point.\"><\/object><a id=\"wp-block-file--media-e9793500-bf63-4cc3-9666-22054cfbcae2\" href=\"https:\/\/zoemandarobegan.it\/wp-content\/uploads\/2026\/07\/Power-point.pdf\">Power point<\/a><a href=\"https:\/\/zoemandarobegan.it\/wp-content\/uploads\/2026\/07\/Power-point.pdf\" class=\"wp-block-file__button wp-element-button\" download aria-describedby=\"wp-block-file--media-e9793500-bf63-4cc3-9666-22054cfbcae2\">Download<\/a><\/div>\n\n\n\n<figure class=\"wp-block-image size-large\"><img loading=\"lazy\" decoding=\"async\" width=\"1024\" height=\"1024\" src=\"https:\/\/zoemandarobegan.it\/wp-content\/uploads\/2026\/07\/cropped-WhatsApp-Image-2026-07-23-at-14.29.54-1024x1024.jpeg\" alt=\"\" class=\"wp-image-425\" srcset=\"https:\/\/zoemandarobegan.it\/wp-content\/uploads\/2026\/07\/cropped-WhatsApp-Image-2026-07-23-at-14.29.54-1024x1024.jpeg 1024w, https:\/\/zoemandarobegan.it\/wp-content\/uploads\/2026\/07\/cropped-WhatsApp-Image-2026-07-23-at-14.29.54-300x300.jpeg 300w, https:\/\/zoemandarobegan.it\/wp-content\/uploads\/2026\/07\/cropped-WhatsApp-Image-2026-07-23-at-14.29.54-150x150.jpeg 150w, https:\/\/zoemandarobegan.it\/wp-content\/uploads\/2026\/07\/cropped-WhatsApp-Image-2026-07-23-at-14.29.54-768x768.jpeg 768w, https:\/\/zoemandarobegan.it\/wp-content\/uploads\/2026\/07\/cropped-WhatsApp-Image-2026-07-23-at-14.29.54.jpeg 1129w\" sizes=\"auto, (max-width: 1024px) 100vw, 1024px\" \/><\/figure>\n","protected":false},"excerpt":{"rendered":"<p>Carissimi, Molti di voi erano presenti all\u2019incontro di questa sera che ha visto la partecipazione di pi\u00f9 di 150 persone e dal quale \u00e8 emersa una forte condivisione della necessit\u00e0 di agire su pi\u00f9 fronti per cercare di salvaguardare le propriet\u00e0 pubbliche delle aree ex medie ed ex campo sportivo che sono l\u2019unica possibilit\u00e0 di [&hellip;]<\/p>\n","protected":false},"author":1,"featured_media":617,"comment_status":"closed","ping_status":"open","sticky":false,"template":"","format":"standard","meta":{"footnotes":""},"categories":[4],"tags":[],"class_list":["post-421","post","type-post","status-publish","format-standard","has-post-thumbnail","hentry","category-home"],"_links":{"self":[{"href":"https:\/\/zoemandarobegan.it\/index.php?rest_route=\/wp\/v2\/posts\/421","targetHints":{"allow":["GET"]}}],"collection":[{"href":"https:\/\/zoemandarobegan.it\/index.php?rest_route=\/wp\/v2\/posts"}],"about":[{"href":"https:\/\/zoemandarobegan.it\/index.php?rest_route=\/wp\/v2\/types\/post"}],"author":[{"embeddable":true,"href":"https:\/\/zoemandarobegan.it\/index.php?rest_route=\/wp\/v2\/users\/1"}],"replies":[{"embeddable":true,"href":"https:\/\/zoemandarobegan.it\/index.php?rest_route=%2Fwp%2Fv2%2Fcomments&post=421"}],"version-history":[{"count":5,"href":"https:\/\/zoemandarobegan.it\/index.php?rest_route=\/wp\/v2\/posts\/421\/revisions"}],"predecessor-version":[{"id":618,"href":"https:\/\/zoemandarobegan.it\/index.php?rest_route=\/wp\/v2\/posts\/421\/revisions\/618"}],"wp:featuredmedia":[{"embeddable":true,"href":"https:\/\/zoemandarobegan.it\/index.php?rest_route=\/wp\/v2\/media\/617"}],"wp:attachment":[{"href":"https:\/\/zoemandarobegan.it\/index.php?rest_route=%2Fwp%2Fv2%2Fmedia&parent=421"}],"wp:term":[{"taxonomy":"category","embeddable":true,"href":"https:\/\/zoemandarobegan.it\/index.php?rest_route=%2Fwp%2Fv2%2Fcategories&post=421"},{"taxonomy":"post_tag","embeddable":true,"href":"https:\/\/zoemandarobegan.it\/index.php?rest_route=%2Fwp%2Fv2%2Ftags&post=421"}],"curies":[{"name":"wp","href":"https:\/\/api.w.org\/{rel}","templated":true}]}}